{"id":9435,"date":"2026-09-01T17:18:21","date_gmt":"2026-09-01T08:18:21","guid":{"rendered":"https:\/\/espace-personnels.lfitokyo.org\/?p=9435"},"modified":"2026-09-01T17:25:52","modified_gmt":"2026-09-01T08:25:52","slug":"message-du-directeur-de-laefe-alexandre-morois","status":"publish","type":"post","link":"https:\/\/espace-personnels.lfitokyo.org\/index.php\/2026\/09\/01\/message-du-directeur-de-laefe-alexandre-morois\/","title":{"rendered":"Message du Directeur de l\u2019AEFE &#8211; Alexandre MOROIS"},"content":{"rendered":"<p class=\"p1\" style=\"text-align: justify;\"><strong><a href=\"https:\/\/www.linkedin.com\/in\/alexandre-morois-483a96a2\/\"><span class=\"s1\">Alexandre Morois<\/span><\/a>, directeur g\u00e9n\u00e9ral de l\u2019AEFE s\u2019adresse aux communaut\u00e9s scolaires des lyc\u00e9es fran\u00e7ais du monde, \u00e0 l\u2019occasion de la rentr\u00e9e de septembre pour l\u2019ann\u00e9e scolaire 2026-2027.<\/strong><\/p>\n<p><!--more--><\/p>\n<p class=\"p1\" style=\"text-align: justify;\">Au c\u0153ur de son message, il \u00e9voque l\u2019ann\u00e9e qui s\u2019ouvre pour le r\u00e9seau d\u2019enseignement fran\u00e7ais \u00e0 l\u2019\u00e9tranger :<\/p>\n<ul>\n<li class=\"p1\" style=\"text-align: justify;\">Une ann\u00e9e qui voit notre r\u00e9seau continuer de cro\u00eetre, avec d\u00e9sormais 640 \u00e9tablissements dans 140 pays, et plus de 400 000 \u00e9l\u00e8ves ;<\/li>\n<li class=\"p1\" style=\"text-align: justify;\">Une ann\u00e9e qui sera celle de la r\u00e9forme de l\u2019AEFE, avec un objectif : garantir la soutenabilit\u00e9 du mod\u00e8le \u00e9conomique de l\u2019agence, tout en assurant une gouvernance partag\u00e9e et en garantissant l\u2019excellence p\u00e9dagogique du r\u00e9seau ;<\/li>\n<li class=\"p1\" style=\"text-align: justify;\">Enfin, une ann\u00e9e qui sera structur\u00e9e autour de trois grandes priorit\u00e9s : le plan langue fran\u00e7aise, le plan maternelle et la sant\u00e9.<\/li>\n<\/ul>\n<p class=\"p1\" style=\"text-align: justify;\"><em>\u00ab \u00c0 toutes et \u00e0 tous, je souhaite une tr\u00e8s belle rentr\u00e9e et une ann\u00e9e scolaire riche en r\u00e9ussites, en d\u00e9couvertes et en projets partag\u00e9s. Ensemble, continuons \u00e0 cultiver l\u2019excellence, l\u2019innovation et la solidarit\u00e9\u2026 parce que c\u2019est \u00e7a, l\u2019\u00e9cole fran\u00e7aise \u00e0 l\u2019\u00e9tranger ! \u00bb<\/em><\/p>\n<p class=\"p1\" style=\"text-align: justify;\">Bon visionnage.<\/p>\n<p>&nbsp;<\/p>\n<p class=\"p5\" style=\"text-align: justify;\"><em>Alexandre MOROIS, Director General of the AEFE (Agency for French Education Abroad), addresses the school communities of French international schools around the world as they begin the 2026-2027 academic year this September.<\/em><\/p>\n<p><em>At the heart of his message, he highlights the year ahead for the French education network abroad :<\/em><\/p>\n<ul>\n<li class=\"p5\" style=\"text-align: justify;\"><em>A year in which our network continues to grow, now bringing together 640 schools in 140 countries and more than 400,000 students;<\/em><\/li>\n<li class=\"p5\" style=\"text-align: justify;\"><em>A year marked by the reform of the AEFE, with a clear objective: to ensure the long-term sustainability of the Agency\u2019s economic model while maintaining shared governance and safeguarding the educational excellence of the network;<\/em><\/li>\n<li class=\"p5\" style=\"text-align: justify;\"><em>A year structured around three major priorities : the French language plan, the preschool education plan and health.<\/em><\/li>\n<\/ul>\n<p class=\"p5\" style=\"text-align: justify;\"><em>\u201cI wish each and every one of you an excellent start to the school year and a year filled with achievement, discovery and shared projects. Together, let us continue to foster excellence, innovation and solidarity\u2026 because that is what French education abroad is all about!\u201d<\/em><\/p>\n<p class=\"p5\" style=\"text-align: justify;\"><em>We invite you to watch his message.<\/em><\/p>\n<p>&nbsp;<\/p>\n<p class=\"p6\" style=\"text-align: justify;\"><em><span class=\"s5\">AEFE<\/span>\uff08\u5728\u5916\u30d5\u30e9\u30f3\u30b9\u6559\u80b2\u5e81\uff09\u4e8b\u52d9\u7dcf\u9577<span class=\"s5\"> Alexandre MOROIS<\/span>\u6c0f\u3088\u308a\u3001<span class=\"s5\">2026<\/span>\u5e74<span class=\"s5\">9<\/span>\u6708\u306e<span class=\"s5\">2026-2027<\/span>\u5e74\u5ea6\u65b0\u5b66\u671f\u3092\u8fce\u3048\u308b\u306b\u3042\u305f\u308a\u3001\u4e16\u754c\u5404\u5730\u306e\u30d5\u30e9\u30f3\u30b9\u6559\u80b2\u6a5f\u95a2\u306e\u5b66\u6821\u30b3\u30df\u30e5\u30cb\u30c6\u30a3\u306b\u5411\u3051\u3066\u30e1\u30c3\u30bb\u30fc\u30b8\u304c\u5bc4\u305b\u3089\u308c\u307e\u3057\u305f\u3002<\/em><\/p>\n<p class=\"p6\" style=\"text-align: justify;\"><em>\u30e1\u30c3\u30bb\u30fc\u30b8\u3067\u306f\u3001\u5728\u5916\u30d5\u30e9\u30f3\u30b9\u6559\u80b2\u30cd\u30c3\u30c8\u30ef\u30fc\u30af\u306b\u3068\u3063\u3066\u65b0\u305f\u306b\u59cb\u307e\u308b\u4e00\u5e74\u306b\u3064\u3044\u3066\u3001\u4e3b\u306b\u6b21\u306e\u70b9\u304c\u7d39\u4ecb\u3055\u308c\u3066\u3044\u307e\u3059\u3002<\/em><\/p>\n<ul>\n<li class=\"p6\" style=\"text-align: justify;\"><em>\u3055\u3089\u306a\u308b\u767a\u5c55\u3092\u7d9a\u3051\u308b\u30cd\u30c3\u30c8\u30ef\u30fc\u30af<span class=\"s5\"><br \/>\n<\/span>\u73fe\u5728\u3001<span class=\"s5\">AEFE<\/span>\u306e\u30cd\u30c3\u30c8\u30ef\u30fc\u30af\u306f\u4e16\u754c<span class=\"s5\">140<\/span>\u304b\u56fd\u30fb<span class=\"s5\">640<\/span>\u6821\u3001<span class=\"s5\">40<\/span>\u4e07\u4eba\u3092\u8d85\u3048\u308b\u5150\u7ae5\u30fb\u751f\u5f92\u3078\u3068\u5e83\u304c\u3063\u3066\u3044\u307e\u3059\u3002<\/em><\/li>\n<li class=\"p6\" style=\"text-align: justify;\"><em><span class=\"s5\">AEFE<\/span>\u6539\u9769\u304c\u9032\u3081\u3089\u308c\u308b\u4e00\u5e74<span class=\"s5\"><br \/>\n<\/span>\u6559\u80b2\u30cd\u30c3\u30c8\u30ef\u30fc\u30af\u306e\u5353\u8d8a\u3057\u305f\u6559\u80b2\u6c34\u6e96\u3092\u7dad\u6301\u3057\u306a\u304c\u3089\u3001\u95a2\u4fc2\u8005\u306b\u3088\u308b\u5354\u50cd\u578b\u306e\u30ac\u30d0\u30ca\u30f3\u30b9\u3092\u63a8\u9032\u3059\u308b\u3068\u3068\u3082\u306b\u3001<span class=\"s5\">AEFE<\/span>\u306e\u7d4c\u6e08\u30e2\u30c7\u30eb\u306e\u6301\u7d9a\u53ef\u80fd\u6027\u3092\u78ba\u4fdd\u3059\u308b\u3053\u3068\u3092\u76ee\u6307\u3057\u307e\u3059\u3002<\/em><\/li>\n<li class=\"p6\" style=\"text-align: justify;\"><em><span class=\"s5\">3<\/span>\u3064\u306e\u4e3b\u8981\u306a\u91cd\u70b9\u5206\u91ce<span class=\"s5\"><br \/>\n<\/span>\u4eca\u5e74\u5ea6\u306f\u3001\u30d5\u30e9\u30f3\u30b9\u8a9e\u6559\u80b2\u3001\u5e7c\u5150\u6559\u80b2\u3001\u5065\u5eb7\u306e<span class=\"s5\">3<\/span>\u5206\u91ce\u3092\u4e2d\u5fc3\u306b\u53d6\u308a\u7d44\u307f\u304c\u9032\u3081\u3089\u308c\u307e\u3059\u3002<\/em><\/li>\n<\/ul>\n<p class=\"p6\" style=\"text-align: justify;\"><em>\u300c\u7686\u69d8\u306b\u3068\u3063\u3066\u7d20\u6674\u3089\u3057\u3044\u65b0\u5b66\u671f\u306e\u30b9\u30bf\u30fc\u30c8\u3068\u306a\u308a\u3001\u6210\u529f\u3084\u65b0\u305f\u306a\u767a\u898b\u3001\u305d\u3057\u3066\u3068\u3082\u306b\u53d6\u308a\u7d44\u3080\u3055\u307e\u3056\u307e\u306a\u30d7\u30ed\u30b8\u30a7\u30af\u30c8\u306b\u6e80\u3061\u305f\u4e00\u5e74\u3068\u306a\u308b\u3053\u3068\u3092\u9858\u3063\u3066\u3044\u307e\u3059\u3002\u3053\u308c\u304b\u3089\u3082\u7686\u3067\u529b\u3092\u5408\u308f\u305b\u3001\u5353\u8d8a\u6027\u3001\u9769\u65b0\u3001\u305d\u3057\u3066\u9023\u5e2f\u306e\u7cbe\u795e\u3092\u80b2\u3093\u3067\u3044\u304d\u307e\u3057\u3087\u3046\u3002\u305d\u308c\u3053\u305d\u304c\u3001\u6d77\u5916\u306b\u304a\u3051\u308b\u30d5\u30e9\u30f3\u30b9\u6559\u80b2\u306a\u306e\u3067\u3059\u3002\u300d<\/em><\/p>\n<p class=\"p6\" style=\"text-align: justify;\"><em>\u305c\u3072\u30e1\u30c3\u30bb\u30fc\u30b8\u52d5\u753b\u3092\u3054\u89a7\u304f\u3060\u3055\u3044\u3002<\/em><\/p>\n<p>&nbsp;<\/p>\n<p>&nbsp;<\/p>\n<p style=\"text-align: center;\"><iframe loading=\"lazy\" width=\"560\" height=\"314\" style=\"border: none; overflow: hidden;\" src=\"https:\/\/www.facebook.com\/plugins\/video.php?height=314&amp;href=https%3A%2F%2Fwww.facebook.com%2Freel%2F2000266990625431%2F&amp;show_text=false&amp;width=560&amp;t=0\" scrolling=\"no\" frameborder=\"0\" allow=\"autoplay; clipboard-write; encrypted-media; picture-in-picture; web-share\" allowfullscreen=\"allowfullscreen\"><\/iframe><\/p>\n","protected":false},"excerpt":{"rendered":"<p>Alexandre Morois, directeur g\u00e9n\u00e9ral de l\u2019AEFE s\u2019adresse aux communaut\u00e9s scolaires des lyc\u00e9es fran\u00e7ais du monde, \u00e0 l\u2019occasion de la rentr\u00e9e de septembre pour l\u2019ann\u00e9e scolaire 2026-2027.<\/p>\n","protected":false},"author":3,"featured_media":9436,"comment_status":"closed","ping_status":"closed","sticky":false,"template":"","format":"standard","meta":{"footnotes":""},"categories":[28,73,77],"tags":[],"class_list":["post-9435","post","type-post","status-publish","format-standard","has-post-thumbnail","hentry","category-a-ne-pas-manquer","category-aefe","category-rentree"],"_links":{"self":[{"href":"https:\/\/espace-personnels.lfitokyo.org\/index.php\/wp-json\/wp\/v2\/posts\/9435","targetHints":{"allow":["GET"]}}],"collection":[{"href":"https:\/\/espace-personnels.lfitokyo.org\/index.php\/wp-json\/wp\/v2\/posts"}],"about":[{"href":"https:\/\/espace-personnels.lfitokyo.org\/index.php\/wp-json\/wp\/v2\/types\/post"}],"author":[{"embeddable":true,"href":"https:\/\/espace-personnels.lfitokyo.org\/index.php\/wp-json\/wp\/v2\/users\/3"}],"replies":[{"embeddable":true,"href":"https:\/\/espace-personnels.lfitokyo.org\/index.php\/wp-json\/wp\/v2\/comments?post=9435"}],"version-history":[{"count":3,"href":"https:\/\/espace-personnels.lfitokyo.org\/index.php\/wp-json\/wp\/v2\/posts\/9435\/revisions"}],"predecessor-version":[{"id":9439,"href":"https:\/\/espace-personnels.lfitokyo.org\/index.php\/wp-json\/wp\/v2\/posts\/9435\/revisions\/9439"}],"wp:featuredmedia":[{"embeddable":true,"href":"https:\/\/espace-personnels.lfitokyo.org\/index.php\/wp-json\/wp\/v2\/media\/9436"}],"wp:attachment":[{"href":"https:\/\/espace-personnels.lfitokyo.org\/index.php\/wp-json\/wp\/v2\/media?parent=9435"}],"wp:term":[{"taxonomy":"category","embeddable":true,"href":"https:\/\/espace-personnels.lfitokyo.org\/index.php\/wp-json\/wp\/v2\/categories?post=9435"},{"taxonomy":"post_tag","embeddable":true,"href":"https:\/\/espace-personnels.lfitokyo.org\/index.php\/wp-json\/wp\/v2\/tags?post=9435"}],"curies":[{"name":"wp","href":"https:\/\/api.w.org\/{rel}","templated":true}]}}